{"id":467,"date":"2025-12-11T18:12:39","date_gmt":"2025-12-11T18:12:39","guid":{"rendered":"https:\/\/arquimbauasesores.net\/?p=467"},"modified":"2025-12-11T21:45:52","modified_gmt":"2025-12-11T21:45:52","slug":"el-consejo-de-ministros-pospone-la-obligatoriedad-de-verifactu","status":"publish","type":"post","link":"https:\/\/arquimbauasesores.net\/en\/el-consejo-de-ministros-pospone-la-obligatoriedad-de-verifactu\/","title":{"rendered":"The Council of Ministers postpones the compulsory implementation of VERI*FACTU"},"content":{"rendered":"<p>The Council of Ministers, at its meeting today, 2 December 2025, has agreed to postpone the implementation of the VERI*FACTU system by one year, through the approval of a Royal Decree-Law that modifies the initially planned timetable. As a result, the Regulation will now enter into force in 2027.<\/p>\n\n\n\n<p>With this change, the obligation to issue invoices through VERI*FACTU systems will apply:<\/p>\n\n\n\n<p>\u2192 To Corporate Income Tax payers, from 1 January 2027.<\/p>\n\n\n\n<p>\u2192 A los empresarios y profesionales que tributen&nbsp;en el IRPF, desde el 1 de julio de 2027.<\/p>\n\n\n\n<p>Pending the official publication in the Official State Gazette (B.O.E.) and the specific details of the new timetable, this postponement means that its implementation will not be mandatory on the previously announced date. We will keep you informed shortly.<\/p>\n\n\n\n<p>For any enquiries, please do not hesitate to contact us.&nbsp;<\/p>","protected":false},"excerpt":{"rendered":"<p>El Consejo de Ministros celebrado en el d\u00eda de hoy 2 de diciembre de 2025, ha acordado\u00a0aplazar un a\u00f1o la implantaci\u00f3n del sistema VERI*FACTU, mediante la aprobaci\u00f3n de un Real Decreto-Ley que modifica\u00a0el calendario inicialmente previsto. De esta forma,\u00a0la entrada en vigor del Reglamento se traslada al a\u00f1o 2027. Con este cambio, la obligaci\u00f3n de [&hellip;]<\/p>\n","protected":false},"author":2,"featured_media":469,"comment_status":"open","ping_status":"open","sticky":false,"template":"","format":"standard","meta":{"footnotes":""},"categories":[1],"tags":[],"class_list":["post-467","post","type-post","status-publish","format-standard","has-post-thumbnail","hentry","category-uncategorized"],"yoast_head":"<!-- This site is optimized with the Yoast SEO plugin v27.5 - https:\/\/yoast.com\/product\/yoast-seo-wordpress\/ -->\n<title>El Consejo de Ministros pospone la obligatoriedad de VERI*FACTU - ARQUIMBAU ASESORES | Asesor&iacute;a Fiscal, Contable, Laboral y Mercantil<\/title>\n<meta name=\"robots\" content=\"index, follow, max-snippet:-1, max-image-preview:large, max-video-preview:-1\" \/>\n<link rel=\"canonical\" href=\"https:\/\/arquimbauasesores.net\/en\/el-consejo-de-ministros-pospone-la-obligatoriedad-de-verifactu\/\" \/>\n<meta property=\"og:locale\" content=\"en_GB\" \/>\n<meta property=\"og:type\" content=\"article\" \/>\n<meta property=\"og:title\" content=\"El Consejo de Ministros pospone la obligatoriedad de VERI*FACTU - ARQUIMBAU ASESORES | Asesor&iacute;a Fiscal, Contable, Laboral y Mercantil\" \/>\n<meta property=\"og:description\" content=\"El Consejo de Ministros celebrado en el d\u00eda de hoy 2 de diciembre de 2025, ha acordado\u00a0aplazar un a\u00f1o la implantaci\u00f3n del sistema VERI*FACTU, mediante la aprobaci\u00f3n de un Real Decreto-Ley que modifica\u00a0el calendario inicialmente previsto. De esta forma,\u00a0la entrada en vigor del Reglamento se traslada al a\u00f1o 2027. Con este cambio, la obligaci\u00f3n de [&hellip;]\" \/>\n<meta property=\"og:url\" content=\"https:\/\/arquimbauasesores.net\/en\/el-consejo-de-ministros-pospone-la-obligatoriedad-de-verifactu\/\" \/>\n<meta property=\"og:site_name\" content=\"ARQUIMBAU ASESORES | Asesor&iacute;a Fiscal, Contable, Laboral y Mercantil\" \/>\n<meta property=\"article:published_time\" content=\"2025-12-11T18:12:39+00:00\" \/>\n<meta property=\"article:modified_time\" content=\"2025-12-11T21:45:52+00:00\" \/>\n<meta property=\"og:image\" content=\"https:\/\/arquimbauasesores.net\/wp-content\/uploads\/2025\/12\/Noticia-3-scaled.jpg\" \/>\n\t<meta property=\"og:image:width\" content=\"1707\" \/>\n\t<meta property=\"og:image:height\" content=\"2560\" \/>\n\t<meta property=\"og:image:type\" content=\"image\/jpeg\" \/>\n<meta name=\"author\" content=\"Laura Jover\" \/>\n<meta name=\"twitter:card\" content=\"summary_large_image\" \/>\n<meta name=\"twitter:label1\" content=\"Written by\" \/>\n\t<meta name=\"twitter:data1\" content=\"Laura Jover\" \/>\n\t<meta name=\"twitter:label2\" content=\"Estimated reading time\" \/>\n\t<meta name=\"twitter:data2\" content=\"1 minute\" \/>\n<script type=\"application\/ld+json\" class=\"yoast-schema-graph\">{\"@context\":\"https:\\\/\\\/schema.org\",\"@graph\":[{\"@type\":\"Article\",\"@id\":\"https:\\\/\\\/arquimbauasesores.net\\\/el-consejo-de-ministros-pospone-la-obligatoriedad-de-verifactu\\\/#article\",\"isPartOf\":{\"@id\":\"https:\\\/\\\/arquimbauasesores.net\\\/el-consejo-de-ministros-pospone-la-obligatoriedad-de-verifactu\\\/\"},\"author\":{\"name\":\"Laura Jover\",\"@id\":\"https:\\\/\\\/arquimbauasesores.net\\\/#\\\/schema\\\/person\\\/c7484d2bbbbeef77e1e82292d07de006\"},\"headline\":\"El Consejo de Ministros pospone la obligatoriedad de VERI*FACTU\",\"datePublished\":\"2025-12-11T18:12:39+00:00\",\"dateModified\":\"2025-12-11T21:45:52+00:00\",\"mainEntityOfPage\":{\"@id\":\"https:\\\/\\\/arquimbauasesores.net\\\/el-consejo-de-ministros-pospone-la-obligatoriedad-de-verifactu\\\/\"},\"wordCount\":169,\"commentCount\":0,\"image\":{\"@id\":\"https:\\\/\\\/arquimbauasesores.net\\\/el-consejo-de-ministros-pospone-la-obligatoriedad-de-verifactu\\\/#primaryimage\"},\"thumbnailUrl\":\"https:\\\/\\\/arquimbauasesores.net\\\/wp-content\\\/uploads\\\/2025\\\/12\\\/Noticia-3-scaled.jpg\",\"articleSection\":[\"Uncategorized\"],\"inLanguage\":\"en-GB\",\"potentialAction\":[{\"@type\":\"CommentAction\",\"name\":\"Comment\",\"target\":[\"https:\\\/\\\/arquimbauasesores.net\\\/el-consejo-de-ministros-pospone-la-obligatoriedad-de-verifactu\\\/#respond\"]}]},{\"@type\":\"WebPage\",\"@id\":\"https:\\\/\\\/arquimbauasesores.net\\\/el-consejo-de-ministros-pospone-la-obligatoriedad-de-verifactu\\\/\",\"url\":\"https:\\\/\\\/arquimbauasesores.net\\\/el-consejo-de-ministros-pospone-la-obligatoriedad-de-verifactu\\\/\",\"name\":\"El Consejo de Ministros pospone la obligatoriedad de VERI*FACTU - ARQUIMBAU ASESORES | Asesor&iacute;a Fiscal, Contable, Laboral y Mercantil\",\"isPartOf\":{\"@id\":\"https:\\\/\\\/arquimbauasesores.net\\\/#website\"},\"primaryImageOfPage\":{\"@id\":\"https:\\\/\\\/arquimbauasesores.net\\\/el-consejo-de-ministros-pospone-la-obligatoriedad-de-verifactu\\\/#primaryimage\"},\"image\":{\"@id\":\"https:\\\/\\\/arquimbauasesores.net\\\/el-consejo-de-ministros-pospone-la-obligatoriedad-de-verifactu\\\/#primaryimage\"},\"thumbnailUrl\":\"https:\\\/\\\/arquimbauasesores.net\\\/wp-content\\\/uploads\\\/2025\\\/12\\\/Noticia-3-scaled.jpg\",\"datePublished\":\"2025-12-11T18:12:39+00:00\",\"dateModified\":\"2025-12-11T21:45:52+00:00\",\"author\":{\"@id\":\"https:\\\/\\\/arquimbauasesores.net\\\/#\\\/schema\\\/person\\\/c7484d2bbbbeef77e1e82292d07de006\"},\"breadcrumb\":{\"@id\":\"https:\\\/\\\/arquimbauasesores.net\\\/el-consejo-de-ministros-pospone-la-obligatoriedad-de-verifactu\\\/#breadcrumb\"},\"inLanguage\":\"en-GB\",\"potentialAction\":[{\"@type\":\"ReadAction\",\"target\":[\"https:\\\/\\\/arquimbauasesores.net\\\/el-consejo-de-ministros-pospone-la-obligatoriedad-de-verifactu\\\/\"]}]},{\"@type\":\"ImageObject\",\"inLanguage\":\"en-GB\",\"@id\":\"https:\\\/\\\/arquimbauasesores.net\\\/el-consejo-de-ministros-pospone-la-obligatoriedad-de-verifactu\\\/#primaryimage\",\"url\":\"https:\\\/\\\/arquimbauasesores.net\\\/wp-content\\\/uploads\\\/2025\\\/12\\\/Noticia-3-scaled.jpg\",\"contentUrl\":\"https:\\\/\\\/arquimbauasesores.net\\\/wp-content\\\/uploads\\\/2025\\\/12\\\/Noticia-3-scaled.jpg\",\"width\":1707,\"height\":2560},{\"@type\":\"BreadcrumbList\",\"@id\":\"https:\\\/\\\/arquimbauasesores.net\\\/el-consejo-de-ministros-pospone-la-obligatoriedad-de-verifactu\\\/#breadcrumb\",\"itemListElement\":[{\"@type\":\"ListItem\",\"position\":1,\"name\":\"Portada\",\"item\":\"https:\\\/\\\/arquimbauasesores.net\\\/\"},{\"@type\":\"ListItem\",\"position\":2,\"name\":\"El Consejo de Ministros pospone la obligatoriedad de VERI*FACTU\"}]},{\"@type\":\"WebSite\",\"@id\":\"https:\\\/\\\/arquimbauasesores.net\\\/#website\",\"url\":\"https:\\\/\\\/arquimbauasesores.net\\\/\",\"name\":\"Arquimbau Asesores\",\"description\":\"Despacho especialista en asesor&iacute;a fiscal, mercantil, contable y laboral para aut&oacute;nomos, empresas y particulares\",\"potentialAction\":[{\"@type\":\"SearchAction\",\"target\":{\"@type\":\"EntryPoint\",\"urlTemplate\":\"https:\\\/\\\/arquimbauasesores.net\\\/?s={search_term_string}\"},\"query-input\":{\"@type\":\"PropertyValueSpecification\",\"valueRequired\":true,\"valueName\":\"search_term_string\"}}],\"inLanguage\":\"en-GB\"},{\"@type\":\"Person\",\"@id\":\"https:\\\/\\\/arquimbauasesores.net\\\/#\\\/schema\\\/person\\\/c7484d2bbbbeef77e1e82292d07de006\",\"name\":\"Laura Jover\",\"image\":{\"@type\":\"ImageObject\",\"inLanguage\":\"en-GB\",\"@id\":\"https:\\\/\\\/secure.gravatar.com\\\/avatar\\\/529bda4a94928fe36e58be6ac5b17a184fad9f0b6dba87067364c2ea80e3f3e1?s=96&d=mm&r=g\",\"url\":\"https:\\\/\\\/secure.gravatar.com\\\/avatar\\\/529bda4a94928fe36e58be6ac5b17a184fad9f0b6dba87067364c2ea80e3f3e1?s=96&d=mm&r=g\",\"contentUrl\":\"https:\\\/\\\/secure.gravatar.com\\\/avatar\\\/529bda4a94928fe36e58be6ac5b17a184fad9f0b6dba87067364c2ea80e3f3e1?s=96&d=mm&r=g\",\"caption\":\"Laura Jover\"},\"url\":\"https:\\\/\\\/arquimbauasesores.net\\\/en\\\/author\\\/laujover\\\/\"}]}<\/script>\n<!-- \/ Yoast SEO plugin. -->","yoast_head_json":{"title":"El Consejo de Ministros pospone la obligatoriedad de VERI*FACTU - ARQUIMBAU ASESORES | Asesor&iacute;a Fiscal, Contable, Laboral y Mercantil","robots":{"index":"index","follow":"follow","max-snippet":"max-snippet:-1","max-image-preview":"max-image-preview:large","max-video-preview":"max-video-preview:-1"},"canonical":"https:\/\/arquimbauasesores.net\/en\/el-consejo-de-ministros-pospone-la-obligatoriedad-de-verifactu\/","og_locale":"en_GB","og_type":"article","og_title":"El Consejo de Ministros pospone la obligatoriedad de VERI*FACTU - ARQUIMBAU ASESORES | Asesor&iacute;a Fiscal, Contable, Laboral y Mercantil","og_description":"El Consejo de Ministros celebrado en el d\u00eda de hoy 2 de diciembre de 2025, ha acordado\u00a0aplazar un a\u00f1o la implantaci\u00f3n del sistema VERI*FACTU, mediante la aprobaci\u00f3n de un Real Decreto-Ley que modifica\u00a0el calendario inicialmente previsto. De esta forma,\u00a0la entrada en vigor del Reglamento se traslada al a\u00f1o 2027. Con este cambio, la obligaci\u00f3n de [&hellip;]","og_url":"https:\/\/arquimbauasesores.net\/en\/el-consejo-de-ministros-pospone-la-obligatoriedad-de-verifactu\/","og_site_name":"ARQUIMBAU ASESORES | Asesor&iacute;a Fiscal, Contable, Laboral y Mercantil","article_published_time":"2025-12-11T18:12:39+00:00","article_modified_time":"2025-12-11T21:45:52+00:00","og_image":[{"width":1707,"height":2560,"url":"https:\/\/arquimbauasesores.net\/wp-content\/uploads\/2025\/12\/Noticia-3-scaled.jpg","type":"image\/jpeg"}],"author":"Laura Jover","twitter_card":"summary_large_image","twitter_misc":{"Written by":"Laura Jover","Estimated reading time":"1 minute"},"schema":{"@context":"https:\/\/schema.org","@graph":[{"@type":"Article","@id":"https:\/\/arquimbauasesores.net\/el-consejo-de-ministros-pospone-la-obligatoriedad-de-verifactu\/#article","isPartOf":{"@id":"https:\/\/arquimbauasesores.net\/el-consejo-de-ministros-pospone-la-obligatoriedad-de-verifactu\/"},"author":{"name":"Laura Jover","@id":"https:\/\/arquimbauasesores.net\/#\/schema\/person\/c7484d2bbbbeef77e1e82292d07de006"},"headline":"El Consejo de Ministros pospone la obligatoriedad de VERI*FACTU","datePublished":"2025-12-11T18:12:39+00:00","dateModified":"2025-12-11T21:45:52+00:00","mainEntityOfPage":{"@id":"https:\/\/arquimbauasesores.net\/el-consejo-de-ministros-pospone-la-obligatoriedad-de-verifactu\/"},"wordCount":169,"commentCount":0,"image":{"@id":"https:\/\/arquimbauasesores.net\/el-consejo-de-ministros-pospone-la-obligatoriedad-de-verifactu\/#primaryimage"},"thumbnailUrl":"https:\/\/arquimbauasesores.net\/wp-content\/uploads\/2025\/12\/Noticia-3-scaled.jpg","articleSection":["Uncategorized"],"inLanguage":"en-GB","potentialAction":[{"@type":"CommentAction","name":"Comment","target":["https:\/\/arquimbauasesores.net\/el-consejo-de-ministros-pospone-la-obligatoriedad-de-verifactu\/#respond"]}]},{"@type":"WebPage","@id":"https:\/\/arquimbauasesores.net\/el-consejo-de-ministros-pospone-la-obligatoriedad-de-verifactu\/","url":"https:\/\/arquimbauasesores.net\/el-consejo-de-ministros-pospone-la-obligatoriedad-de-verifactu\/","name":"El Consejo de Ministros pospone la obligatoriedad de VERI*FACTU - ARQUIMBAU ASESORES | Asesor&iacute;a Fiscal, Contable, Laboral y Mercantil","isPartOf":{"@id":"https:\/\/arquimbauasesores.net\/#website"},"primaryImageOfPage":{"@id":"https:\/\/arquimbauasesores.net\/el-consejo-de-ministros-pospone-la-obligatoriedad-de-verifactu\/#primaryimage"},"image":{"@id":"https:\/\/arquimbauasesores.net\/el-consejo-de-ministros-pospone-la-obligatoriedad-de-verifactu\/#primaryimage"},"thumbnailUrl":"https:\/\/arquimbauasesores.net\/wp-content\/uploads\/2025\/12\/Noticia-3-scaled.jpg","datePublished":"2025-12-11T18:12:39+00:00","dateModified":"2025-12-11T21:45:52+00:00","author":{"@id":"https:\/\/arquimbauasesores.net\/#\/schema\/person\/c7484d2bbbbeef77e1e82292d07de006"},"breadcrumb":{"@id":"https:\/\/arquimbauasesores.net\/el-consejo-de-ministros-pospone-la-obligatoriedad-de-verifactu\/#breadcrumb"},"inLanguage":"en-GB","potentialAction":[{"@type":"ReadAction","target":["https:\/\/arquimbauasesores.net\/el-consejo-de-ministros-pospone-la-obligatoriedad-de-verifactu\/"]}]},{"@type":"ImageObject","inLanguage":"en-GB","@id":"https:\/\/arquimbauasesores.net\/el-consejo-de-ministros-pospone-la-obligatoriedad-de-verifactu\/#primaryimage","url":"https:\/\/arquimbauasesores.net\/wp-content\/uploads\/2025\/12\/Noticia-3-scaled.jpg","contentUrl":"https:\/\/arquimbauasesores.net\/wp-content\/uploads\/2025\/12\/Noticia-3-scaled.jpg","width":1707,"height":2560},{"@type":"BreadcrumbList","@id":"https:\/\/arquimbauasesores.net\/el-consejo-de-ministros-pospone-la-obligatoriedad-de-verifactu\/#breadcrumb","itemListElement":[{"@type":"ListItem","position":1,"name":"Portada","item":"https:\/\/arquimbauasesores.net\/"},{"@type":"ListItem","position":2,"name":"El Consejo de Ministros pospone la obligatoriedad de VERI*FACTU"}]},{"@type":"WebSite","@id":"https:\/\/arquimbauasesores.net\/#website","url":"https:\/\/arquimbauasesores.net\/","name":"Arquimbau Asesores","description":"Despacho especialista en asesor&iacute;a fiscal, mercantil, contable y laboral para aut&oacute;nomos, empresas y particulares","potentialAction":[{"@type":"SearchAction","target":{"@type":"EntryPoint","urlTemplate":"https:\/\/arquimbauasesores.net\/?s={search_term_string}"},"query-input":{"@type":"PropertyValueSpecification","valueRequired":true,"valueName":"search_term_string"}}],"inLanguage":"en-GB"},{"@type":"Person","@id":"https:\/\/arquimbauasesores.net\/#\/schema\/person\/c7484d2bbbbeef77e1e82292d07de006","name":"Laura Jover","image":{"@type":"ImageObject","inLanguage":"en-GB","@id":"https:\/\/secure.gravatar.com\/avatar\/529bda4a94928fe36e58be6ac5b17a184fad9f0b6dba87067364c2ea80e3f3e1?s=96&d=mm&r=g","url":"https:\/\/secure.gravatar.com\/avatar\/529bda4a94928fe36e58be6ac5b17a184fad9f0b6dba87067364c2ea80e3f3e1?s=96&d=mm&r=g","contentUrl":"https:\/\/secure.gravatar.com\/avatar\/529bda4a94928fe36e58be6ac5b17a184fad9f0b6dba87067364c2ea80e3f3e1?s=96&d=mm&r=g","caption":"Laura Jover"},"url":"https:\/\/arquimbauasesores.net\/en\/author\/laujover\/"}]}},"_links":{"self":[{"href":"https:\/\/arquimbauasesores.net\/en\/wp-json\/wp\/v2\/posts\/467","targetHints":{"allow":["GET"]}}],"collection":[{"href":"https:\/\/arquimbauasesores.net\/en\/wp-json\/wp\/v2\/posts"}],"about":[{"href":"https:\/\/arquimbauasesores.net\/en\/wp-json\/wp\/v2\/types\/post"}],"author":[{"embeddable":true,"href":"https:\/\/arquimbauasesores.net\/en\/wp-json\/wp\/v2\/users\/2"}],"replies":[{"embeddable":true,"href":"https:\/\/arquimbauasesores.net\/en\/wp-json\/wp\/v2\/comments?post=467"}],"version-history":[{"count":2,"href":"https:\/\/arquimbauasesores.net\/en\/wp-json\/wp\/v2\/posts\/467\/revisions"}],"predecessor-version":[{"id":511,"href":"https:\/\/arquimbauasesores.net\/en\/wp-json\/wp\/v2\/posts\/467\/revisions\/511"}],"wp:featuredmedia":[{"embeddable":true,"href":"https:\/\/arquimbauasesores.net\/en\/wp-json\/wp\/v2\/media\/469"}],"wp:attachment":[{"href":"https:\/\/arquimbauasesores.net\/en\/wp-json\/wp\/v2\/media?parent=467"}],"wp:term":[{"taxonomy":"category","embeddable":true,"href":"https:\/\/arquimbauasesores.net\/en\/wp-json\/wp\/v2\/categories?post=467"},{"taxonomy":"post_tag","embeddable":true,"href":"https:\/\/arquimbauasesores.net\/en\/wp-json\/wp\/v2\/tags?post=467"}],"curies":[{"name":"wp","href":"https:\/\/api.w.org\/{rel}","templated":true}]}}